{"id":96,"date":"2025-09-06T19:53:16","date_gmt":"2025-09-06T17:53:16","guid":{"rendered":"https:\/\/helvetipix.ch\/?p=96"},"modified":"2025-09-07T21:04:35","modified_gmt":"2025-09-07T19:04:35","slug":"du-caviar-en-suisse-mais-enfin-cest-pas-possible-ca-et-pourtant-si","status":"publish","type":"post","link":"https:\/\/helvetipix.ch\/?p=96","title":{"rendered":"Du caviar\u2026 en Suisse ! Mais enfin, c\u2019est pas possible \u00e7a\u2026 et pourtant si !"},"content":{"rendered":"\n<figure class=\"wp-block-image size-large\"><img loading=\"lazy\" decoding=\"async\" width=\"1024\" height=\"682\" src=\"https:\/\/helvetipix.ch\/wp-content\/uploads\/2025\/09\/pexels-willianjusten-246047633542682439830950367-1024x682.jpg\" alt=\"\" class=\"wp-image-95\" srcset=\"https:\/\/helvetipix.ch\/wp-content\/uploads\/2025\/09\/pexels-willianjusten-246047633542682439830950367-1024x682.jpg 1024w, https:\/\/helvetipix.ch\/wp-content\/uploads\/2025\/09\/pexels-willianjusten-246047633542682439830950367-300x200.jpg 300w, https:\/\/helvetipix.ch\/wp-content\/uploads\/2025\/09\/pexels-willianjusten-246047633542682439830950367-768x512.jpg 768w, https:\/\/helvetipix.ch\/wp-content\/uploads\/2025\/09\/pexels-willianjusten-246047633542682439830950367-1536x1023.jpg 1536w, https:\/\/helvetipix.ch\/wp-content\/uploads\/2025\/09\/pexels-willianjusten-246047633542682439830950367.jpg 1999w\" sizes=\"auto, (max-width: 1024px) 100vw, 1024px\" \/><\/figure>\n\n\n\n<p class=\"wp-block-paragraph\">Je me souviens encore de cette \u00e9trange affaire qui nous mena, par un matin brumeux, au c\u0153ur des montagnes suisses. Rien ne laissait pr\u00e9sager que, derri\u00e8re ces falaises abruptes et ces for\u00eats \u00e9paisses, se cachait un secret digne des plus fines tables du monde.<\/p>\n\n\n\n<p class=\"wp-block-paragraph\">Tout commen\u00e7a par une rumeur : dans une vall\u00e9e retir\u00e9e du canton des Grisons, au Val Mesolcina, une source d\u2019eau chaude aux propri\u00e9t\u00e9s remarquables jaillissait des entrailles de la montagne. Mais ce n\u2019\u00e9tait pas l\u00e0 une simple curiosit\u00e9 g\u00e9ologique. Non. Cette eau, pure et temp\u00e9r\u00e9e, servait de demeure \u00e0 une cr\u00e9ature d\u2019un autre \u00e2ge : l\u2019esturgeon.<\/p>\n\n\n\n<figure class=\"wp-block-image size-large\"><img decoding=\"async\" src=\"https:\/\/helvetipix.ch\/wp-content\/uploads\/2025\/09\/pexels-enjoyviibes-9231183472558433460088783-768x1024.jpg\" alt=\"\" class=\"wp-image-94\"\/><\/figure>\n\n\n\n<p class=\"wp-block-paragraph\">Les habitants du lieu, gens discrets, avaient entrepris de l\u2019\u00e9lever avec une patience infinie. Dix longues ann\u00e9es s\u2019\u00e9coul\u00e8rent avant que l\u2019\u00e9nigme ne se d\u00e9voile enfin : les esturgeons, baign\u00e9s dans ce flot alpin, produisaient un caviar d\u2019une finesse in\u00e9gal\u00e9e.<\/p>\n\n\n\n<p class=\"wp-block-paragraph\">Ainsi naquit le caviar suisse, perle noire surgie des Alpes, fruit d\u2019un improbable mariage entre rigueur helv\u00e9tique et caprice de la nature. Aujourd\u2019hui encore, lorsqu\u2019on go\u00fbte \u00e0 ce tr\u00e9sor, on ne peut s\u2019emp\u00eacher d\u2019entendre le murmure de la source et d\u2019imaginer l\u2019ombre d\u2019un secret jalousement gard\u00e9.<\/p>\n\n\n\n<figure class=\"wp-block-image size-large\"><img decoding=\"async\" src=\"https:\/\/helvetipix.ch\/wp-content\/uploads\/2025\/09\/image_editor_output_image60014022-1757271775588424611448298526116.jpg\" alt=\"\" class=\"wp-image-98\"\/><figcaption class=\"wp-element-caption\">Il fallait le g\u00e9nie des Suisses pour transformer une source d\u2019eau chaude en tr\u00e9sor froid : le caviar.<\/figcaption><\/figure>\n\n\n\n<p class=\"wp-block-paragraph\"><\/p>\n","protected":false},"excerpt":{"rendered":"<p>Je me souviens encore de cette \u00e9trange affaire qui nous mena, par un matin brumeux, au c\u0153ur des montagnes suisses. Rien ne laissait pr\u00e9sager que, derri\u00e8re ces falaises abruptes et ces for\u00eats \u00e9paisses, se cachait un secret digne des plus fines tables du monde. Tout commen\u00e7a par une rumeur : dans une vall\u00e9e retir\u00e9e du [&hellip;]<\/p>\n","protected":false},"author":2,"featured_media":0,"comment_status":"open","ping_status":"closed","sticky":false,"template":"","format":"standard","meta":{"_jetpack_newsletter_access":"","_jetpack_dont_email_post_to_subs":false,"_jetpack_newsletter_tier_id":0,"_jetpack_memberships_contains_paywalled_content":false,"_jetpack_memberships_contains_paid_content":false,"footnotes":""},"categories":[1],"tags":[],"class_list":["post-96","post","type-post","status-publish","format-standard","hentry","category-uncategorized"],"jetpack_sharing_enabled":true,"jetpack_featured_media_url":"","_links":{"self":[{"href":"https:\/\/helvetipix.ch\/index.php?rest_route=\/wp\/v2\/posts\/96","targetHints":{"allow":["GET"]}}],"collection":[{"href":"https:\/\/helvetipix.ch\/index.php?rest_route=\/wp\/v2\/posts"}],"about":[{"href":"https:\/\/helvetipix.ch\/index.php?rest_route=\/wp\/v2\/types\/post"}],"author":[{"embeddable":true,"href":"https:\/\/helvetipix.ch\/index.php?rest_route=\/wp\/v2\/users\/2"}],"replies":[{"embeddable":true,"href":"https:\/\/helvetipix.ch\/index.php?rest_route=%2Fwp%2Fv2%2Fcomments&post=96"}],"version-history":[{"count":2,"href":"https:\/\/helvetipix.ch\/index.php?rest_route=\/wp\/v2\/posts\/96\/revisions"}],"predecessor-version":[{"id":99,"href":"https:\/\/helvetipix.ch\/index.php?rest_route=\/wp\/v2\/posts\/96\/revisions\/99"}],"wp:attachment":[{"href":"https:\/\/helvetipix.ch\/index.php?rest_route=%2Fwp%2Fv2%2Fmedia&parent=96"}],"wp:term":[{"taxonomy":"category","embeddable":true,"href":"https:\/\/helvetipix.ch\/index.php?rest_route=%2Fwp%2Fv2%2Fcategories&post=96"},{"taxonomy":"post_tag","embeddable":true,"href":"https:\/\/helvetipix.ch\/index.php?rest_route=%2Fwp%2Fv2%2Ftags&post=96"}],"curies":[{"name":"wp","href":"https:\/\/api.w.org\/{rel}","templated":true}]}}